{"provider_url": "https://www.guajaramirim.ro.leg.br", "title": "Audi\u00eancia P\u00fablica.", "html": "<p align=\"center\"><b>EDITAL DE CONVOCA\u00c7\u00c3O N\u00ba. 007/CMGM/19</b></p>\r\n<p align=\"center\"><b>AUDI\u00caNCIA P\u00daBLICA</b></p>\r\n<p>\u00a0</p>\r\n<p>\u00a0</p>\r\n<p><b>O PRESIDENTE DA C\u00c2MARA MUNICIPAL DE GUAJAR\u00c1-MIRIM (RO)</b>, no uso de suas atribui\u00e7\u00f5es e prerrogativas que lhe s\u00e3o conferidas por Lei, <b><span>CONVOCA</span></b> os senhores vereadores e a popula\u00e7\u00e3o em geral para participarem de uma Audi\u00eancia P\u00fablica a ser realizada no dia 29 de outubro de 2019 (ter\u00e7a \u2013 feira), com in\u00edcio \u00e0s 19h30min, no Plen\u00e1rio das delibera\u00e7\u00f5es Clodoaldo Moura Palha para discutir junto com a popula\u00e7\u00e3o,\u00a0 a situa\u00e7\u00e3o da Empresa ENERGISA\u00a0 e suas implica\u00e7\u00f5es.</p>\r\n<p>\u00a0</p>\r\n<p><b>\u00a0</b></p>\r\n<p>\u00a0</p>\r\n<p align=\"right\">\u00a0\u00a0\u00a0\u00a0\u00a0\u00a0\u00a0\u00a0\u00a0\u00a0\u00a0\u00a0\u00a0\u00a0\u00a0 Guajar\u00e1-Mirim, 25 de outubro de 2019.</p>\r\n<p>\u00a0</p>\r\n<p>\u00a0</p>\r\n<p>\u00a0</p>\r\n<p>\u00a0</p>\r\n<p align=\"center\">\u00a0</p>\r\n<p align=\"center\"><b>S\u00c9RGIO ROBERTO BOUEZ DA SILVA</b></p>\r\n<p align=\"center\">Presidente-CMGM/RO</p>\r\n<p align=\"center\">\u00a0</p>", "author_name": "", "version": "1.0", "author_url": "https://www.guajaramirim.ro.leg.br/author/gum", "provider_name": "C\u00e2mara Municipal de Guajar\u00e1-Mirim/RO", "type": "rich"}